{"id":8446,"date":"2026-04-23T12:50:33","date_gmt":"2026-04-23T12:50:33","guid":{"rendered":"https:\/\/simonbolivar-ec.com\/?p=8446"},"modified":"2026-04-23T12:50:33","modified_gmt":"2026-04-23T12:50:33","slug":"formando-conciencia-ambiental","status":"publish","type":"post","link":"https:\/\/simonbolivar-ec.com\/index.php\/2026\/04\/23\/formando-conciencia-ambiental\/","title":{"rendered":"FORMANDO CONCIENCIA AMBIENTAL"},"content":{"rendered":"\n<p>Nuestra instituci\u00f3n educativa tuvo el honor de ser parte de esta significativa jornada desarrollada en el marco del <a href=\"https:\/\/www.facebook.com\/hashtag\/d%C3%ADamundialdelatierra?__cft__[0]=AZZLufjUcETXCvzbxC79d3x9T1SqXtuPjjCk832xrrx-yXm0Ofs8nQSqDws1M9ii7-0LIaluym5Ic74e0yDzBOjcrClWdO_498und2okGh5q4G97xz6pELHSsIkmjIqgB81E5LHj2j61UmqotIzqNaW_&amp;__tn__=*NK-R\">#D\u00edaMundialdelaTierra<\/a>, impulsada por la <a href=\"https:\/\/www.facebook.com\/prefecturasucumbios?__cft__[0]=AZZLufjUcETXCvzbxC79d3x9T1SqXtuPjjCk832xrrx-yXm0Ofs8nQSqDws1M9ii7-0LIaluym5Ic74e0yDzBOjcrClWdO_498und2okGh5q4G97xz6pELHSsIkmjIqgB81E5LHj2j61UmqotIzqNaW_&amp;__tn__=-]K-R\">Prefectura de Sucumb\u00edos<\/a> junto a importantes organizaciones ambientales.<\/p>\n\n\n\n<figure class=\"wp-block-gallery has-nested-images columns-default is-cropped wp-block-gallery-1 is-layout-flex wp-block-gallery-is-layout-flex\">\n<figure class=\"wp-block-image size-large\"><img loading=\"lazy\" decoding=\"async\" width=\"1024\" height=\"563\" data-id=\"8447\" src=\"https:\/\/simonbolivar-ec.com\/wp-content\/uploads\/2026\/04\/5-1024x563.jpg\" alt=\"\" class=\"wp-image-8447\" srcset=\"https:\/\/simonbolivar-ec.com\/wp-content\/uploads\/2026\/04\/5-1024x563.jpg 1024w, https:\/\/simonbolivar-ec.com\/wp-content\/uploads\/2026\/04\/5-300x165.jpg 300w, https:\/\/simonbolivar-ec.com\/wp-content\/uploads\/2026\/04\/5-768x422.jpg 768w, https:\/\/simonbolivar-ec.com\/wp-content\/uploads\/2026\/04\/5.jpg 1440w\" sizes=\"(max-width: 1024px) 100vw, 1024px\" \/><\/figure>\n\n\n\n<figure class=\"wp-block-image size-large\"><img loading=\"lazy\" decoding=\"async\" width=\"1440\" height=\"891\" data-id=\"8448\" src=\"https:\/\/simonbolivar-ec.com\/wp-content\/uploads\/2026\/04\/4-1024x634.jpg\" alt=\"\" class=\"wp-image-8448\" srcset=\"https:\/\/simonbolivar-ec.com\/wp-content\/uploads\/2026\/04\/4-1024x634.jpg 1024w, https:\/\/simonbolivar-ec.com\/wp-content\/uploads\/2026\/04\/4-300x186.jpg 300w, https:\/\/simonbolivar-ec.com\/wp-content\/uploads\/2026\/04\/4-768x475.jpg 768w, https:\/\/simonbolivar-ec.com\/wp-content\/uploads\/2026\/04\/4.jpg 1440w\" sizes=\"(max-width: 1440px) 100vw, 1440px\" \/><\/figure>\n\n\n\n<figure class=\"wp-block-image size-large\"><img loading=\"lazy\" decoding=\"async\" width=\"1311\" height=\"810\" data-id=\"8450\" src=\"https:\/\/simonbolivar-ec.com\/wp-content\/uploads\/2026\/04\/3-1024x633.jpg\" alt=\"\" class=\"wp-image-8450\" srcset=\"https:\/\/simonbolivar-ec.com\/wp-content\/uploads\/2026\/04\/3-1024x633.jpg 1024w, https:\/\/simonbolivar-ec.com\/wp-content\/uploads\/2026\/04\/3-300x185.jpg 300w, https:\/\/simonbolivar-ec.com\/wp-content\/uploads\/2026\/04\/3-768x475.jpg 768w, https:\/\/simonbolivar-ec.com\/wp-content\/uploads\/2026\/04\/3.jpg 1311w\" sizes=\"(max-width: 1311px) 100vw, 1311px\" \/><\/figure>\n\n\n\n<figure class=\"wp-block-image size-large\"><img loading=\"lazy\" decoding=\"async\" width=\"1024\" height=\"634\" data-id=\"8449\" src=\"https:\/\/simonbolivar-ec.com\/wp-content\/uploads\/2026\/04\/2-1024x634.jpg\" alt=\"\" class=\"wp-image-8449\" srcset=\"https:\/\/simonbolivar-ec.com\/wp-content\/uploads\/2026\/04\/2-1024x634.jpg 1024w, https:\/\/simonbolivar-ec.com\/wp-content\/uploads\/2026\/04\/2-300x186.jpg 300w, https:\/\/simonbolivar-ec.com\/wp-content\/uploads\/2026\/04\/2-768x475.jpg 768w, https:\/\/simonbolivar-ec.com\/wp-content\/uploads\/2026\/04\/2.jpg 1440w\" sizes=\"(max-width: 1024px) 100vw, 1024px\" \/><\/figure>\n\n\n\n<figure class=\"wp-block-image size-large\"><img loading=\"lazy\" decoding=\"async\" width=\"1024\" height=\"572\" data-id=\"8451\" src=\"https:\/\/simonbolivar-ec.com\/wp-content\/uploads\/2026\/04\/1-1024x572.jpg\" alt=\"\" class=\"wp-image-8451\" srcset=\"https:\/\/simonbolivar-ec.com\/wp-content\/uploads\/2026\/04\/1-1024x572.jpg 1024w, https:\/\/simonbolivar-ec.com\/wp-content\/uploads\/2026\/04\/1-300x168.jpg 300w, https:\/\/simonbolivar-ec.com\/wp-content\/uploads\/2026\/04\/1-768x429.jpg 768w, https:\/\/simonbolivar-ec.com\/wp-content\/uploads\/2026\/04\/1.jpg 1440w\" sizes=\"(max-width: 1024px) 100vw, 1024px\" \/><\/figure>\n<\/figure>\n\n\n\n<p><img loading=\"lazy\" decoding=\"async\" height=\"16\" width=\"16\" alt=\"\ud83d\udc69\u200d\ud83c\udf93\" src=\"https:\/\/static.xx.fbcdn.net\/images\/emoji.php\/v9\/t91\/1\/16\/1f469_200d_1f393.png\"><img loading=\"lazy\" decoding=\"async\" height=\"16\" width=\"16\" alt=\"\ud83d\udc68\u200d\ud83c\udf93\" src=\"https:\/\/static.xx.fbcdn.net\/images\/emoji.php\/v9\/tb2\/1\/16\/1f468_200d_1f393.png\"><img loading=\"lazy\" decoding=\"async\" height=\"16\" width=\"16\" alt=\"\ud83c\udf33\" src=\"https:\/\/static.xx.fbcdn.net\/images\/emoji.php\/v9\/t6b\/1\/16\/1f333.png\"> Ser parte de iniciativas como el proyecto \u201cAguarico Vivo\u201d nos permite reafirmar nuestro compromiso con la formaci\u00f3n integral de nuestros estudiantes, promoviendo una educaci\u00f3n que trasciende el aula y se conecta con el cuidado de nuestro entorno.<\/p>\n\n\n\n<p><img loading=\"lazy\" decoding=\"async\" height=\"16\" width=\"16\" alt=\"\ud83d\udc9a\" src=\"https:\/\/static.xx.fbcdn.net\/images\/emoji.php\/v9\/t94\/1\/16\/1f49a.png\"> Creemos firmemente que educar tambi\u00e9n es sembrar conciencia para construir un futuro sostenible.<\/p>\n\n\n\n<p><a href=\"https:\/\/www.facebook.com\/hashtag\/educaci%C3%B3nconvalores?__cft__[0]=AZZLufjUcETXCvzbxC79d3x9T1SqXtuPjjCk832xrrx-yXm0Ofs8nQSqDws1M9ii7-0LIaluym5Ic74e0yDzBOjcrClWdO_498und2okGh5q4G97xz6pELHSsIkmjIqgB81E5LHj2j61UmqotIzqNaW_&amp;__tn__=*NK-R\">#Educaci\u00f3nConValores<\/a><a href=\"https:\/\/www.facebook.com\/hashtag\/cuidadoambiental?__cft__[0]=AZZLufjUcETXCvzbxC79d3x9T1SqXtuPjjCk832xrrx-yXm0Ofs8nQSqDws1M9ii7-0LIaluym5Ic74e0yDzBOjcrClWdO_498und2okGh5q4G97xz6pELHSsIkmjIqgB81E5LHj2j61UmqotIzqNaW_&amp;__tn__=*NK-R\">#CuidadoAmbiental<\/a><a href=\"https:\/\/www.facebook.com\/hashtag\/aguaricovivo?__cft__[0]=AZZLufjUcETXCvzbxC79d3x9T1SqXtuPjjCk832xrrx-yXm0Ofs8nQSqDws1M9ii7-0LIaluym5Ic74e0yDzBOjcrClWdO_498und2okGh5q4G97xz6pELHSsIkmjIqgB81E5LHj2j61UmqotIzqNaW_&amp;__tn__=*NK-R\">#AguaricoVivo<\/a><a href=\"https:\/\/www.facebook.com\/hashtag\/formandofuturo?__cft__[0]=AZZLufjUcETXCvzbxC79d3x9T1SqXtuPjjCk832xrrx-yXm0Ofs8nQSqDws1M9ii7-0LIaluym5Ic74e0yDzBOjcrClWdO_498und2okGh5q4G97xz6pELHSsIkmjIqgB81E5LHj2j61UmqotIzqNaW_&amp;__tn__=*NK-R\">#FormandoFuturo<\/a><a href=\"https:\/\/www.facebook.com\/hashtag\/d%C3%ADadelatierra?__cft__[0]=AZZLufjUcETXCvzbxC79d3x9T1SqXtuPjjCk832xrrx-yXm0Ofs8nQSqDws1M9ii7-0LIaluym5Ic74e0yDzBOjcrClWdO_498und2okGh5q4G97xz6pELHSsIkmjIqgB81E5LHj2j61UmqotIzqNaW_&amp;__tn__=*NK-R\">#D\u00edaDeLaTierra<\/a><a href=\"https:\/\/www.facebook.com\/hashtag\/elmejorcolegio?__cft__[0]=AZZLufjUcETXCvzbxC79d3x9T1SqXtuPjjCk832xrrx-yXm0Ofs8nQSqDws1M9ii7-0LIaluym5Ic74e0yDzBOjcrClWdO_498und2okGh5q4G97xz6pELHSsIkmjIqgB81E5LHj2j61UmqotIzqNaW_&amp;__tn__=*NK-R\">#ElMejorColegio<\/a><a href=\"https:\/\/www.facebook.com\/hashtag\/prefectura?__cft__[0]=AZZLufjUcETXCvzbxC79d3x9T1SqXtuPjjCk832xrrx-yXm0Ofs8nQSqDws1M9ii7-0LIaluym5Ic74e0yDzBOjcrClWdO_498und2okGh5q4G97xz6pELHSsIkmjIqgB81E5LHj2j61UmqotIzqNaW_&amp;__tn__=*NK-R\">#Prefectura<\/a><\/p>\n\n\n","protected":false},"excerpt":{"rendered":"<p>Nuestra instituci\u00f3n educativa tuvo el honor de ser parte de esta significativa jornada desarrollada en el marco del #D\u00edaMundialdelaTierra, impulsada por la Prefectura de Sucumb\u00edos junto a importantes organizaciones ambientales. Ser parte de iniciativas como el proyecto \u201cAguarico Vivo\u201d nos permite reafirmar nuestro compromiso con la formaci\u00f3n integral de nuestros estudiantes, promoviendo una educaci\u00f3n que [&#8230;]\n","protected":false},"author":2,"featured_media":0,"comment_status":"open","ping_status":"open","sticky":false,"template":"","format":"standard","meta":{"footnotes":""},"categories":[1],"tags":[],"class_list":["post-8446","post","type-post","status-publish","format-standard","hentry","category-eventos"],"_links":{"self":[{"href":"https:\/\/simonbolivar-ec.com\/index.php\/wp-json\/wp\/v2\/posts\/8446"}],"collection":[{"href":"https:\/\/simonbolivar-ec.com\/index.php\/wp-json\/wp\/v2\/posts"}],"about":[{"href":"https:\/\/simonbolivar-ec.com\/index.php\/wp-json\/wp\/v2\/types\/post"}],"author":[{"embeddable":true,"href":"https:\/\/simonbolivar-ec.com\/index.php\/wp-json\/wp\/v2\/users\/2"}],"replies":[{"embeddable":true,"href":"https:\/\/simonbolivar-ec.com\/index.php\/wp-json\/wp\/v2\/comments?post=8446"}],"version-history":[{"count":1,"href":"https:\/\/simonbolivar-ec.com\/index.php\/wp-json\/wp\/v2\/posts\/8446\/revisions"}],"predecessor-version":[{"id":8452,"href":"https:\/\/simonbolivar-ec.com\/index.php\/wp-json\/wp\/v2\/posts\/8446\/revisions\/8452"}],"wp:attachment":[{"href":"https:\/\/simonbolivar-ec.com\/index.php\/wp-json\/wp\/v2\/media?parent=8446"}],"wp:term":[{"taxonomy":"category","embeddable":true,"href":"https:\/\/simonbolivar-ec.com\/index.php\/wp-json\/wp\/v2\/categories?post=8446"},{"taxonomy":"post_tag","embeddable":true,"href":"https:\/\/simonbolivar-ec.com\/index.php\/wp-json\/wp\/v2\/tags?post=8446"}],"curies":[{"name":"wp","href":"https:\/\/api.w.org\/{rel}","templated":true}]}}